{"id":2718,"date":"2023-01-04T00:44:40","date_gmt":"2023-01-03T23:44:40","guid":{"rendered":"https:\/\/cavalcadadereis.cat\/svh\/?p=2718"},"modified":"2025-12-30T16:56:18","modified_gmt":"2025-12-30T15:56:18","slug":"torna-la-nit-de-reis-de-sempre","status":"publish","type":"post","link":"https:\/\/cavalcadadereis.cat\/svh\/2023\/01\/04\/torna-la-nit-de-reis-de-sempre\/","title":{"rendered":"Torna la Nit de Reis de sempre"},"content":{"rendered":"<p>[et_pb_section fb_built=&#8221;1&#8243; admin_label=&#8221;section&#8221; _builder_version=&#8221;4.18.0&#8243; background_color=&#8221;RGBA(255,255,255,0)&#8221; global_colors_info=&#8221;{}&#8221;][et_pb_row admin_label=&#8221;row&#8221; _builder_version=&#8221;4.16&#8243; background_size=&#8221;initial&#8221; background_position=&#8221;top_left&#8221; background_repeat=&#8221;repeat&#8221; global_colors_info=&#8221;{}&#8221;][et_pb_column type=&#8221;4_4&#8243; _builder_version=&#8221;4.16&#8243; custom_padding=&#8221;|||&#8221; global_colors_info=&#8221;{}&#8221; custom_padding__hover=&#8221;|||&#8221;][et_pb_text _builder_version=&#8221;4.18.0&#8243; _module_preset=&#8221;default&#8221; global_colors_info=&#8221;{}&#8221;]<\/p>\n<p><span style=\"font-weight: 400;\">Aquest any per fi podrem viure una Nit de Reis amb tota la normalitat despr\u00e9s d\u2019uns anys marcats per la pand\u00e8mia. Els nens i nenes podran entregar la carta en m\u00e0 als Reis a l\u2019Escenari Reial de la pla\u00e7a de la Vila, la qual cosa no era possible des del 2020.<\/span><\/p>\n<p><span style=\"font-weight: 400;\">En la cavalcada del 2023 tamb\u00e9 podrem recuperar la tradicional pluja de caramels, enguany 2.100 kilograms. I els infants podran veure de nou els somriures de Ses Majestats, ja que enguany no hauran de dur mascareta. Tot est\u00e0 a punt i preparat perqu\u00e8 puguem viure una Nit de Reis com abans.<\/span><\/p>\n<p><span style=\"font-weight: 400;\">Com cada any, la majoria de carrosses han estat renovades amb decoracions i tem\u00e0tiques diferents. I tamb\u00e9 s\u2019hi ha fet millores per fer-les m\u00e9s segures.<\/span><\/p>\n<p><span style=\"font-weight: 400;\">Enguany el recorregut habitual canviar\u00e0 parcialment, ja que no podr\u00e0 passar pel tram afectat per obres del carrer Barcelona i la Cavalcada es desviar\u00e0 pel carrer Antoni Gaud\u00ed i passar\u00e0 pel lateral de la carretera de Sant Boi i el carrer \u00c0ngel Guimer\u00e0, fins al carrer Barcelona.<\/span><\/p>\n<p>[\/et_pb_text][et_pb_image _builder_version=&#8221;4.18.0&#8243; _module_preset=&#8221;default&#8221; width=&#8221;50%&#8221; global_colors_info=&#8221;{}&#8221;][\/et_pb_image][\/et_pb_column][\/et_pb_row][\/et_pb_section][et_pb_section fb_built=&#8221;1&#8243; _builder_version=&#8221;4.18.0&#8243; _module_preset=&#8221;default&#8221; background_color=&#8221;RGBA(255,255,255,0)&#8221; global_colors_info=&#8221;{}&#8221;][et_pb_row _builder_version=&#8221;4.18.0&#8243; _module_preset=&#8221;default&#8221; global_colors_info=&#8221;{}&#8221;][et_pb_column type=&#8221;4_4&#8243; _builder_version=&#8221;4.18.0&#8243; _module_preset=&#8221;default&#8221; global_colors_info=&#8221;{}&#8221;][et_pb_image src=&#8221;https:\/\/cavalcadadereis.cat\/svh\/wp-content\/uploads\/2023\/01\/20220105_155-scaled.jpg&#8221; _builder_version=&#8221;4.18.0&#8243; _module_preset=&#8221;default&#8221; global_colors_info=&#8221;{}&#8221;][\/et_pb_image][et_pb_text _builder_version=&#8221;4.18.0&#8243; _module_preset=&#8221;default&#8221; global_colors_info=&#8221;{}&#8221;]<\/p>\n<p><b>Programa<\/b><\/p>\n<p><span style=\"font-weight: 400;\">Del 2 al 5 de gener: B\u00fasties Reials a Can Comamala de les 10 a les 20.15 h\u00a0<br \/><\/span><span style=\"font-weight: 400;\">Dia 5 de gener: <\/span><span style=\"font-weight: 400;\">18 h a la Pla\u00e7a de la Vila: arribada de Ses Majestats, entrega de la clau de mans de l\u2019alcalde Miguel Comino i lliurament de cartes als Reis d\u2019Orient.<\/span><\/p>\n<p><span style=\"font-weight: 400;\">20 h: Inici de la Cavalcada de Reis<\/span><\/p>\n<p><b>Itinerari:<\/b><\/p>\n<p><span style=\"font-weight: 400;\">A les 20 h les carrosses recolliran Ses Majestats a la pla\u00e7a de la Vila i comen\u00e7ar\u00e0 la cavalcada! Passar\u00e0 pel carrer Rafael Casanova, Anselm Clav\u00e9, Sant Josep, del Riu, Antoni Gaud\u00ed. Tot seguit agafar\u00e0 la carretera de Sant Boi i seguir\u00e0 pel carrer \u00c0ngel Guimer\u00e0, Barcelona, Llobregat, Jacint Verdaguer, Sant Miquel, Anselm Clav\u00e9 i Sant Josep. I acabar\u00e0 el seu recorregut a l\u2019avinguda Torrelles.<\/span><\/p>\n<p><span style=\"font-weight: 400;\">\u00a0<\/span><\/p>\n<p><b>127 anys d\u2019hist\u00f2ria d\u2019una cavalcada feta per voluntaris<\/b><\/p>\n<p><span style=\"font-weight: 400;\">Aquest 2023 far\u00e0 127 anys de la primera cavalcada de Sant Vicen\u00e7 dels Horts, una de les m\u00e9s antigues que se celebren de forma continuada a Catalunya, juntament amb la cavalcada d\u2019Igualada del 1895. La primera la van posar en marxa un grup de vicentins que va organitzar una petita cavalcada que va rec\u00f3rrer el nucli antic de la vila. El 1896 es van repartir regals dalt de carros, acompanyats amb unes espelmes gruixudes per fer llum i amb forques de batre pujaven els paquets a les finestres i balcons de les cases.<\/span><span style=\"font-weight: 400;\"><br \/><\/span><span style=\"font-weight: 400;\">Des dels seus inicis i fins avui en dia la cavalcada \u00e9s possible gr\u00e0cies a tots els seus voluntaris, m\u00e9s d\u2019un centenar de persones que al llarg de l\u2019any i en especial els dies previs al 5 de gener treballen per fer possible la Nit de Reis a Sant Vicen\u00e7 dels Horts.<\/span><\/p>\n<p>&nbsp;<\/p>\n<p>[\/et_pb_text][et_pb_image _builder_version=&#8221;4.18.0&#8243; _module_preset=&#8221;default&#8221; global_colors_info=&#8221;{}&#8221;][\/et_pb_image][\/et_pb_column][\/et_pb_row][\/et_pb_section][et_pb_section fb_built=&#8221;1&#8243; _builder_version=&#8221;4.18.0&#8243; _module_preset=&#8221;default&#8221; background_color=&#8221;RGBA(255,255,255,0)&#8221; global_colors_info=&#8221;{}&#8221;][et_pb_row _builder_version=&#8221;4.18.0&#8243; _module_preset=&#8221;default&#8221; global_colors_info=&#8221;{}&#8221;][et_pb_column type=&#8221;4_4&#8243; _builder_version=&#8221;4.18.0&#8243; _module_preset=&#8221;default&#8221; global_colors_info=&#8221;{}&#8221;][et_pb_image src=&#8221;https:\/\/cavalcadadereis.cat\/svh\/wp-content\/uploads\/2023\/01\/WhatsApp-Image-2023-01-03-at-01.22.17.jpeg&#8221; _builder_version=&#8221;4.18.0&#8243; _module_preset=&#8221;default&#8221; width=&#8221;50%&#8221; global_colors_info=&#8221;{}&#8221;][\/et_pb_image][\/et_pb_column][\/et_pb_row][\/et_pb_section]<\/p>\n","protected":false},"excerpt":{"rendered":"<p>Aquest any per fi podrem viure una Nit de Reis amb tota la normalitat despr\u00e9s d\u2019uns anys marcats per la pand\u00e8mia. Els nens i nenes podran entregar la carta en m\u00e0 als Reis a l\u2019Escenari Reial de la pla\u00e7a de la Vila, la qual cosa no era possible des del 2020. En la cavalcada del [&hellip;]<\/p>\n","protected":false},"author":2,"featured_media":2853,"comment_status":"closed","ping_status":"open","sticky":false,"template":"","format":"standard","meta":{"_et_pb_use_builder":"on","_et_pb_old_content":"","_et_gb_content_width":"","footnotes":""},"categories":[27,1],"tags":[],"post_folder":[],"class_list":["post-2718","post","type-post","status-publish","format-standard","has-post-thumbnail","hentry","category-cavalcada-2023","category-general"],"yoast_head":"<!-- This site is optimized with the Yoast SEO plugin v26.6 - https:\/\/yoast.com\/wordpress\/plugins\/seo\/ -->\n<title>Torna la Nit de Reis de sempre - Cavalcada de Reis SVH<\/title>\n<meta name=\"robots\" content=\"index, follow, max-snippet:-1, max-image-preview:large, max-video-preview:-1\" \/>\n<link rel=\"canonical\" href=\"https:\/\/cavalcadadereis.cat\/svh\/2023\/01\/04\/torna-la-nit-de-reis-de-sempre\/\" \/>\n<meta property=\"og:locale\" content=\"ca_ES\" \/>\n<meta property=\"og:type\" content=\"article\" \/>\n<meta property=\"og:title\" content=\"Torna la Nit de Reis de Sempre a Sant Vicen\u00e7 dels Horts\" \/>\n<meta property=\"og:description\" content=\"Aquest any per fi podrem viure una Nit de Reis amb tota la normalitat despr\u00e9s d\u2019uns anys marcats per la pand\u00e8mia. Els nens i nenes podran entregar la carta en m\u00e0 als Reis a l\u2019Escenari Reial de la pla\u00e7a de la Vila, la qual cosa no era possible des del 2020.En la cavalcada del 2023 tamb\u00e9 podrem recuperar la tradicional pluja de caramels, enguany 2.100 kilograms. I els infants podran veure de nou els somriures de Ses Majestats, ja que enguany no hauran de dur mascareta. Tot est\u00e0 a punt i preparat perqu\u00e8 puguem viure una Nit de Reis com abans.\" \/>\n<meta property=\"og:url\" content=\"https:\/\/cavalcadadereis.cat\/svh\/2023\/01\/04\/torna-la-nit-de-reis-de-sempre\/\" \/>\n<meta property=\"og:site_name\" content=\"Cavalcada de Reis SVH\" \/>\n<meta property=\"article:published_time\" content=\"2023-01-03T23:44:40+00:00\" \/>\n<meta property=\"article:modified_time\" content=\"2025-12-30T15:56:18+00:00\" \/>\n<meta property=\"og:image\" content=\"https:\/\/cavalcadadereis.cat\/svh\/wp-content\/uploads\/2023\/01\/20220105_155-1-scaled.jpg\" \/>\n\t<meta property=\"og:image:width\" content=\"2560\" \/>\n\t<meta property=\"og:image:height\" content=\"1707\" \/>\n\t<meta property=\"og:image:type\" content=\"image\/jpeg\" \/>\n<meta name=\"author\" content=\"Cavalcada\" \/>\n<meta name=\"twitter:card\" content=\"summary_large_image\" \/>\n<meta name=\"twitter:title\" content=\"Torna la Nit de Reis de Sempre a Sant Vicen\u00e7 dels Horts\" \/>\n<meta name=\"twitter:description\" content=\"Aquest any per fi podrem viure una Nit de Reis amb tota la normalitat despr\u00e9s d\u2019uns anys marcats per la pand\u00e8mia. Els nens i nenes podran entregar la carta en m\u00e0 als Reis a l\u2019Escenari Reial de la pla\u00e7a de la Vila, la qual cosa no era possible des del 2020.En la cavalcada del 2023 tamb\u00e9 podrem recuperar la tradicional pluja de caramels, enguany 2.100 kilograms. I els infants podran veure de nou els somriures de Ses Majestats, ja que enguany no hauran de dur mascareta. Tot est\u00e0 a punt i preparat perqu\u00e8 puguem viure una Nit de Reis com abans.\" \/>\n<meta name=\"twitter:image\" content=\"https:\/\/cavalcadadereis.cat\/svh\/wp-content\/uploads\/2023\/01\/20220105_155-1-scaled.jpg\" \/>\n<meta name=\"twitter:label1\" content=\"Escrit per\" \/>\n\t<meta name=\"twitter:data1\" content=\"Cavalcada\" \/>\n\t<meta name=\"twitter:label2\" content=\"Temps estimat de lectura\" \/>\n\t<meta name=\"twitter:data2\" content=\"4 minuts\" \/>\n<script type=\"application\/ld+json\" class=\"yoast-schema-graph\">{\"@context\":\"https:\/\/schema.org\",\"@graph\":[{\"@type\":\"WebPage\",\"@id\":\"https:\/\/cavalcadadereis.cat\/svh\/2023\/01\/04\/torna-la-nit-de-reis-de-sempre\/\",\"url\":\"https:\/\/cavalcadadereis.cat\/svh\/2023\/01\/04\/torna-la-nit-de-reis-de-sempre\/\",\"name\":\"Torna la Nit de Reis de sempre - Cavalcada de Reis SVH\",\"isPartOf\":{\"@id\":\"https:\/\/cavalcadadereis.cat\/svh\/#website\"},\"primaryImageOfPage\":{\"@id\":\"https:\/\/cavalcadadereis.cat\/svh\/2023\/01\/04\/torna-la-nit-de-reis-de-sempre\/#primaryimage\"},\"image\":{\"@id\":\"https:\/\/cavalcadadereis.cat\/svh\/2023\/01\/04\/torna-la-nit-de-reis-de-sempre\/#primaryimage\"},\"thumbnailUrl\":\"https:\/\/cavalcadadereis.cat\/svh\/wp-content\/uploads\/2023\/12\/MV20220105_202-1.jpg\",\"datePublished\":\"2023-01-03T23:44:40+00:00\",\"dateModified\":\"2025-12-30T15:56:18+00:00\",\"author\":{\"@id\":\"https:\/\/cavalcadadereis.cat\/svh\/#\/schema\/person\/0bad6b346346f3a8a005fa809b148749\"},\"breadcrumb\":{\"@id\":\"https:\/\/cavalcadadereis.cat\/svh\/2023\/01\/04\/torna-la-nit-de-reis-de-sempre\/#breadcrumb\"},\"inLanguage\":\"ca\",\"potentialAction\":[{\"@type\":\"ReadAction\",\"target\":[\"https:\/\/cavalcadadereis.cat\/svh\/2023\/01\/04\/torna-la-nit-de-reis-de-sempre\/\"]}]},{\"@type\":\"ImageObject\",\"inLanguage\":\"ca\",\"@id\":\"https:\/\/cavalcadadereis.cat\/svh\/2023\/01\/04\/torna-la-nit-de-reis-de-sempre\/#primaryimage\",\"url\":\"https:\/\/cavalcadadereis.cat\/svh\/wp-content\/uploads\/2023\/12\/MV20220105_202-1.jpg\",\"contentUrl\":\"https:\/\/cavalcadadereis.cat\/svh\/wp-content\/uploads\/2023\/12\/MV20220105_202-1.jpg\",\"width\":1100,\"height\":733},{\"@type\":\"BreadcrumbList\",\"@id\":\"https:\/\/cavalcadadereis.cat\/svh\/2023\/01\/04\/torna-la-nit-de-reis-de-sempre\/#breadcrumb\",\"itemListElement\":[{\"@type\":\"ListItem\",\"position\":1,\"name\":\"Inici\",\"item\":\"https:\/\/cavalcadadereis.cat\/svh\/\"},{\"@type\":\"ListItem\",\"position\":2,\"name\":\"Torna la Nit de Reis de sempre\"}]},{\"@type\":\"WebSite\",\"@id\":\"https:\/\/cavalcadadereis.cat\/svh\/#website\",\"url\":\"https:\/\/cavalcadadereis.cat\/svh\/\",\"name\":\"Cavalcada de Reis SVH\",\"description\":\"\",\"potentialAction\":[{\"@type\":\"SearchAction\",\"target\":{\"@type\":\"EntryPoint\",\"urlTemplate\":\"https:\/\/cavalcadadereis.cat\/svh\/?s={search_term_string}\"},\"query-input\":{\"@type\":\"PropertyValueSpecification\",\"valueRequired\":true,\"valueName\":\"search_term_string\"}}],\"inLanguage\":\"ca\"},{\"@type\":\"Person\",\"@id\":\"https:\/\/cavalcadadereis.cat\/svh\/#\/schema\/person\/0bad6b346346f3a8a005fa809b148749\",\"name\":\"Cavalcada\",\"image\":{\"@type\":\"ImageObject\",\"inLanguage\":\"ca\",\"@id\":\"https:\/\/cavalcadadereis.cat\/svh\/#\/schema\/person\/image\/\",\"url\":\"https:\/\/secure.gravatar.com\/avatar\/775f3ee6ec43bbaa7000a54fbb90f13bfa0911e8436ca0ac7970cfc3cf8af099?s=96&d=mm&r=g\",\"contentUrl\":\"https:\/\/secure.gravatar.com\/avatar\/775f3ee6ec43bbaa7000a54fbb90f13bfa0911e8436ca0ac7970cfc3cf8af099?s=96&d=mm&r=g\",\"caption\":\"Cavalcada\"},\"url\":\"https:\/\/cavalcadadereis.cat\/svh\/author\/cavalcada\/\"}]}<\/script>\n<!-- \/ Yoast SEO plugin. -->","yoast_head_json":{"title":"Torna la Nit de Reis de sempre - Cavalcada de Reis SVH","robots":{"index":"index","follow":"follow","max-snippet":"max-snippet:-1","max-image-preview":"max-image-preview:large","max-video-preview":"max-video-preview:-1"},"canonical":"https:\/\/cavalcadadereis.cat\/svh\/2023\/01\/04\/torna-la-nit-de-reis-de-sempre\/","og_locale":"ca_ES","og_type":"article","og_title":"Torna la Nit de Reis de Sempre a Sant Vicen\u00e7 dels Horts","og_description":"Aquest any per fi podrem viure una Nit de Reis amb tota la normalitat despr\u00e9s d\u2019uns anys marcats per la pand\u00e8mia. Els nens i nenes podran entregar la carta en m\u00e0 als Reis a l\u2019Escenari Reial de la pla\u00e7a de la Vila, la qual cosa no era possible des del 2020.En la cavalcada del 2023 tamb\u00e9 podrem recuperar la tradicional pluja de caramels, enguany 2.100 kilograms. I els infants podran veure de nou els somriures de Ses Majestats, ja que enguany no hauran de dur mascareta. Tot est\u00e0 a punt i preparat perqu\u00e8 puguem viure una Nit de Reis com abans.","og_url":"https:\/\/cavalcadadereis.cat\/svh\/2023\/01\/04\/torna-la-nit-de-reis-de-sempre\/","og_site_name":"Cavalcada de Reis SVH","article_published_time":"2023-01-03T23:44:40+00:00","article_modified_time":"2025-12-30T15:56:18+00:00","og_image":[{"width":2560,"height":1707,"url":"https:\/\/cavalcadadereis.cat\/svh\/wp-content\/uploads\/2023\/01\/20220105_155-1-scaled.jpg","type":"image\/jpeg"}],"author":"Cavalcada","twitter_card":"summary_large_image","twitter_title":"Torna la Nit de Reis de Sempre a Sant Vicen\u00e7 dels Horts","twitter_description":"Aquest any per fi podrem viure una Nit de Reis amb tota la normalitat despr\u00e9s d\u2019uns anys marcats per la pand\u00e8mia. Els nens i nenes podran entregar la carta en m\u00e0 als Reis a l\u2019Escenari Reial de la pla\u00e7a de la Vila, la qual cosa no era possible des del 2020.En la cavalcada del 2023 tamb\u00e9 podrem recuperar la tradicional pluja de caramels, enguany 2.100 kilograms. I els infants podran veure de nou els somriures de Ses Majestats, ja que enguany no hauran de dur mascareta. Tot est\u00e0 a punt i preparat perqu\u00e8 puguem viure una Nit de Reis com abans.","twitter_image":"https:\/\/cavalcadadereis.cat\/svh\/wp-content\/uploads\/2023\/01\/20220105_155-1-scaled.jpg","twitter_misc":{"Escrit per":"Cavalcada","Temps estimat de lectura":"4 minuts"},"schema":{"@context":"https:\/\/schema.org","@graph":[{"@type":"WebPage","@id":"https:\/\/cavalcadadereis.cat\/svh\/2023\/01\/04\/torna-la-nit-de-reis-de-sempre\/","url":"https:\/\/cavalcadadereis.cat\/svh\/2023\/01\/04\/torna-la-nit-de-reis-de-sempre\/","name":"Torna la Nit de Reis de sempre - Cavalcada de Reis SVH","isPartOf":{"@id":"https:\/\/cavalcadadereis.cat\/svh\/#website"},"primaryImageOfPage":{"@id":"https:\/\/cavalcadadereis.cat\/svh\/2023\/01\/04\/torna-la-nit-de-reis-de-sempre\/#primaryimage"},"image":{"@id":"https:\/\/cavalcadadereis.cat\/svh\/2023\/01\/04\/torna-la-nit-de-reis-de-sempre\/#primaryimage"},"thumbnailUrl":"https:\/\/cavalcadadereis.cat\/svh\/wp-content\/uploads\/2023\/12\/MV20220105_202-1.jpg","datePublished":"2023-01-03T23:44:40+00:00","dateModified":"2025-12-30T15:56:18+00:00","author":{"@id":"https:\/\/cavalcadadereis.cat\/svh\/#\/schema\/person\/0bad6b346346f3a8a005fa809b148749"},"breadcrumb":{"@id":"https:\/\/cavalcadadereis.cat\/svh\/2023\/01\/04\/torna-la-nit-de-reis-de-sempre\/#breadcrumb"},"inLanguage":"ca","potentialAction":[{"@type":"ReadAction","target":["https:\/\/cavalcadadereis.cat\/svh\/2023\/01\/04\/torna-la-nit-de-reis-de-sempre\/"]}]},{"@type":"ImageObject","inLanguage":"ca","@id":"https:\/\/cavalcadadereis.cat\/svh\/2023\/01\/04\/torna-la-nit-de-reis-de-sempre\/#primaryimage","url":"https:\/\/cavalcadadereis.cat\/svh\/wp-content\/uploads\/2023\/12\/MV20220105_202-1.jpg","contentUrl":"https:\/\/cavalcadadereis.cat\/svh\/wp-content\/uploads\/2023\/12\/MV20220105_202-1.jpg","width":1100,"height":733},{"@type":"BreadcrumbList","@id":"https:\/\/cavalcadadereis.cat\/svh\/2023\/01\/04\/torna-la-nit-de-reis-de-sempre\/#breadcrumb","itemListElement":[{"@type":"ListItem","position":1,"name":"Inici","item":"https:\/\/cavalcadadereis.cat\/svh\/"},{"@type":"ListItem","position":2,"name":"Torna la Nit de Reis de sempre"}]},{"@type":"WebSite","@id":"https:\/\/cavalcadadereis.cat\/svh\/#website","url":"https:\/\/cavalcadadereis.cat\/svh\/","name":"Cavalcada de Reis SVH","description":"","potentialAction":[{"@type":"SearchAction","target":{"@type":"EntryPoint","urlTemplate":"https:\/\/cavalcadadereis.cat\/svh\/?s={search_term_string}"},"query-input":{"@type":"PropertyValueSpecification","valueRequired":true,"valueName":"search_term_string"}}],"inLanguage":"ca"},{"@type":"Person","@id":"https:\/\/cavalcadadereis.cat\/svh\/#\/schema\/person\/0bad6b346346f3a8a005fa809b148749","name":"Cavalcada","image":{"@type":"ImageObject","inLanguage":"ca","@id":"https:\/\/cavalcadadereis.cat\/svh\/#\/schema\/person\/image\/","url":"https:\/\/secure.gravatar.com\/avatar\/775f3ee6ec43bbaa7000a54fbb90f13bfa0911e8436ca0ac7970cfc3cf8af099?s=96&d=mm&r=g","contentUrl":"https:\/\/secure.gravatar.com\/avatar\/775f3ee6ec43bbaa7000a54fbb90f13bfa0911e8436ca0ac7970cfc3cf8af099?s=96&d=mm&r=g","caption":"Cavalcada"},"url":"https:\/\/cavalcadadereis.cat\/svh\/author\/cavalcada\/"}]}},"_links":{"self":[{"href":"https:\/\/cavalcadadereis.cat\/svh\/wp-json\/wp\/v2\/posts\/2718","targetHints":{"allow":["GET"]}}],"collection":[{"href":"https:\/\/cavalcadadereis.cat\/svh\/wp-json\/wp\/v2\/posts"}],"about":[{"href":"https:\/\/cavalcadadereis.cat\/svh\/wp-json\/wp\/v2\/types\/post"}],"author":[{"embeddable":true,"href":"https:\/\/cavalcadadereis.cat\/svh\/wp-json\/wp\/v2\/users\/2"}],"replies":[{"embeddable":true,"href":"https:\/\/cavalcadadereis.cat\/svh\/wp-json\/wp\/v2\/comments?post=2718"}],"version-history":[{"count":6,"href":"https:\/\/cavalcadadereis.cat\/svh\/wp-json\/wp\/v2\/posts\/2718\/revisions"}],"predecessor-version":[{"id":3074,"href":"https:\/\/cavalcadadereis.cat\/svh\/wp-json\/wp\/v2\/posts\/2718\/revisions\/3074"}],"wp:featuredmedia":[{"embeddable":true,"href":"https:\/\/cavalcadadereis.cat\/svh\/wp-json\/wp\/v2\/media\/2853"}],"wp:attachment":[{"href":"https:\/\/cavalcadadereis.cat\/svh\/wp-json\/wp\/v2\/media?parent=2718"}],"wp:term":[{"taxonomy":"category","embeddable":true,"href":"https:\/\/cavalcadadereis.cat\/svh\/wp-json\/wp\/v2\/categories?post=2718"},{"taxonomy":"post_tag","embeddable":true,"href":"https:\/\/cavalcadadereis.cat\/svh\/wp-json\/wp\/v2\/tags?post=2718"},{"taxonomy":"post_folder","embeddable":true,"href":"https:\/\/cavalcadadereis.cat\/svh\/wp-json\/wp\/v2\/post_folder?post=2718"}],"curies":[{"name":"wp","href":"https:\/\/api.w.org\/{rel}","templated":true}]}}